{"id":10253,"date":"2024-11-23T13:12:20","date_gmt":"2024-11-23T12:12:20","guid":{"rendered":"https:\/\/samantharadionline.com\/?p=10253"},"modified":"2024-11-23T13:12:21","modified_gmt":"2024-11-23T12:12:21","slug":"prohiben-a-maestros-hablar-temas-personales-con-estudiantes-ni-en-recreo-excepto-por-intervencion-concreta","status":"publish","type":"post","link":"https:\/\/samantharadionline.com\/index.php\/2024\/11\/23\/prohiben-a-maestros-hablar-temas-personales-con-estudiantes-ni-en-recreo-excepto-por-intervencion-concreta\/","title":{"rendered":"Proh\u00edben a Maestros hablar temas personales con estudiantes, ni en recreo, excepto por intervenci\u00f3n concreta"},"content":{"rendered":"\n<p class=\"has-medium-font-size\"><em>Los maestros y alumnos podr\u00e1n hablar de temas personales solo cuando que se requiera alguna intervenci\u00f3n o acompa\u00f1amiento <\/em><\/p>\n\n\n\n<p class=\"has-medium-font-size\"><em>concreto, en beneficio de la salud integral de las\/los estudiantes\u00a0<\/em><\/p>\n\n\n\n<p class=\"has-medium-font-size\"><\/p>\n\n\n\n<figure class=\"wp-block-image\"><img decoding=\"async\" src=\"https:\/\/listindiario.com\/files\/image_60_60\/uploads\/2023\/05\/24\/646e8604494e2.jpeg\" alt=\"Avatar del Yudelka Dom\u00ednguez\"\/><\/figure>\n\n\n\n<p class=\"has-small-font-size\"><em>\u00a0<\/em>Yudelka Dom\u00ednguez, <strong>Santo Domingo, RD.<\/strong><\/p>\n\n\n\n<p class=\"has-small-font-size\">De acuerdo a la orden departamental n\u00famero&nbsp;<strong>22\/2023, que establece el C\u00f3digo de \u00c9tica<\/strong>&nbsp;que regula las relaciones entre el personal docente, administrativo y los estudiantes en los centros educativos preuniversitarios, los maestros vinculados a la violaci\u00f3n sexual de un menor&nbsp;<strong>pueden ser desvinculados sin ninguna&nbsp; indemnizaci\u00f3n.<\/strong><\/p>\n\n\n\n<p>Esto a prop\u00f3sito del reciente caso que vincula a varias personas de la escuela de Quisqueya, en San Pedro de Macor\u00eds, quienes est\u00e1n se\u00f1alados de&nbsp;<strong>violar a una menor de 13 a\u00f1os,&nbsp;<\/strong>adem\u00e1s de hacer silencio frente a este hecho.<\/p>\n\n\n\n<p class=\"has-small-font-size\">De acuerdo a los detalles, hasta el momento hay\u00a0<strong>cinco personas suspendidas de sus funciones, entre estos los dos maestros acusados de cometer el delito.<\/strong>\u00a0Uno de estos hombres, Fernando Altagracia Pe\u00f1a Eusebia, se entreg\u00f3 a las autoridades.<\/p>\n\n\n\n<figure class=\"wp-block-image size-full\"><img loading=\"lazy\" decoding=\"async\" width=\"110\" height=\"110\" src=\"https:\/\/samantharadionline.com\/wp-content\/uploads\/2024\/11\/image-5.png\" alt=\"\" class=\"wp-image-10254\"\/><\/figure>\n\n\n\n<p class=\"has-medium-font-size\"><em>Ministro de Educaci\u00f3n dice hay cinco personas suspendidas por violaci\u00f3n a menor en escuela de SPM<\/em><\/p>\n\n\n\n<p class=\"has-small-font-size\">\u201cSon causas para aplicar las sanciones sobre desvinculaci\u00f3n las siguientes: Haber sido imputado por delitos contra la dignidad de las personas, su honor y su propiedad, tales como el<strong>&nbsp;acoso sexual, violaciones, abuso&nbsp;<\/strong>deshonesto y\/o violencia intrafamiliar. Haber embarazado a una alumna o&nbsp;<strong>haber sido embarazada por un alumno<\/strong>. Resultar condenado por la comisi\u00f3n de un delito\u201d, entre otros delitos, especifica el art\u00edculo 21 de esta pieza.<\/p>\n\n\n\n<p>Adem\u00e1s de esta sanci\u00f3n, este C\u00f3digo&nbsp;<strong>proh\u00edbe que el docente o personal administrativo use calificativos que inciten a la discriminaci\u00f3n contra el estudiante,<\/strong>&nbsp;por su inteligencia, su origen, su f\u00edsico, religi\u00f3n, sexo, g\u00e9nero, forma de expresarse, condici\u00f3n social o por ser persona con discapacidad.<\/p>\n\n\n\n<p>De igual forma,<strong>&nbsp;solo se les permite a los maestros y al personal tener una relaci\u00f3n acad\u00e9mica<\/strong>.<\/p>\n\n\n\n<p>\u201cNing\u00fan docente o personal administrativo puede relacionarse con los estudiantes en horario de recreo para tratar temas personales<strong>, salvo que se requiera alguna intervenci\u00f3n o acompa\u00f1amiento concreto,<\/strong>&nbsp;en beneficio de la salud integral de las\/los estudiantes. Ning\u00fan personal docente o administrativo puede reunirse con estudiantes fuera del horario y el espacio escolar\u201d, explica el art\u00edculo 10.<\/p>\n\n\n\n<p>Asimismo, proh\u00edbe que<strong>&nbsp;los maestros utilicen las redes sociales<\/strong>&nbsp;y de toda herramienta tecnol\u00f3gica con una finalidad diferente a la formaci\u00f3n acad\u00e9mica.<\/p>\n\n\n\n<p>El C\u00f3digo de \u00c9tica de Educaci\u00f3n&nbsp;<strong>proh\u00edbe tambi\u00e9n<\/strong>&nbsp;<strong>que los docentes o administrativo puede hacer regalos a los estudiantes.<\/strong><\/p>\n\n\n\n<p>\u201cEn la medida de las posibilidades, ning\u00fan docente debe impartir clases a un familiar hasta segundo grado de consanguinidad o relaci\u00f3n familiar cercana\u201d, tambi\u00e9n especifica el art\u00edculo 10.<\/p>\n\n\n\n<p class=\"has-small-font-size\">Este reglamento posee amonestaciones o<strong>rales y escritas, dependiendo la falta que realice el docente o personal administrativo,<\/strong>&nbsp;pero tambi\u00e9n suspensiones por 30 d\u00edas o definitivas.&nbsp;<\/p>\n","protected":false},"excerpt":{"rendered":"<p>Los maestros y alumnos podr\u00e1n hablar de temas personales solo cuando que se requiera alguna<\/p>\n","protected":false},"author":1,"featured_media":10255,"comment_status":"open","ping_status":"open","sticky":false,"template":"","format":"standard","meta":{"footnotes":""},"categories":[12],"tags":[],"class_list":["post-10253","post","type-post","status-publish","format-standard","has-post-thumbnail","hentry","category-nacionales"],"_links":{"self":[{"href":"https:\/\/samantharadionline.com\/index.php\/wp-json\/wp\/v2\/posts\/10253","targetHints":{"allow":["GET"]}}],"collection":[{"href":"https:\/\/samantharadionline.com\/index.php\/wp-json\/wp\/v2\/posts"}],"about":[{"href":"https:\/\/samantharadionline.com\/index.php\/wp-json\/wp\/v2\/types\/post"}],"author":[{"embeddable":true,"href":"https:\/\/samantharadionline.com\/index.php\/wp-json\/wp\/v2\/users\/1"}],"replies":[{"embeddable":true,"href":"https:\/\/samantharadionline.com\/index.php\/wp-json\/wp\/v2\/comments?post=10253"}],"version-history":[{"count":1,"href":"https:\/\/samantharadionline.com\/index.php\/wp-json\/wp\/v2\/posts\/10253\/revisions"}],"predecessor-version":[{"id":10256,"href":"https:\/\/samantharadionline.com\/index.php\/wp-json\/wp\/v2\/posts\/10253\/revisions\/10256"}],"wp:featuredmedia":[{"embeddable":true,"href":"https:\/\/samantharadionline.com\/index.php\/wp-json\/wp\/v2\/media\/10255"}],"wp:attachment":[{"href":"https:\/\/samantharadionline.com\/index.php\/wp-json\/wp\/v2\/media?parent=10253"}],"wp:term":[{"taxonomy":"category","embeddable":true,"href":"https:\/\/samantharadionline.com\/index.php\/wp-json\/wp\/v2\/categories?post=10253"},{"taxonomy":"post_tag","embeddable":true,"href":"https:\/\/samantharadionline.com\/index.php\/wp-json\/wp\/v2\/tags?post=10253"}],"curies":[{"name":"wp","href":"https:\/\/api.w.org\/{rel}","templated":true}]}}