{"id":10228,"date":"2024-11-21T12:44:46","date_gmt":"2024-11-21T11:44:46","guid":{"rendered":"https:\/\/samantharadionline.com\/?p=10228"},"modified":"2024-11-21T12:44:48","modified_gmt":"2024-11-21T11:44:48","slug":"decidiran-hoy-si-confirman-o-anulan-condena-de-el-dotolcito-por-muerte-joshua","status":"publish","type":"post","link":"https:\/\/samantharadionline.com\/index.php\/2024\/11\/21\/decidiran-hoy-si-confirman-o-anulan-condena-de-el-dotolcito-por-muerte-joshua\/","title":{"rendered":"Decidir\u00e1n hoy si confirman o anulan condena de El Dotolcito por muerte Joshua"},"content":{"rendered":"\n<p class=\"has-medium-font-size\"><em>Carlos Balc\u00e1cer y Jaime Caonabo Terrero consideraron que en la sentencia dictada el pasado 24 de abril se violaron las normas relativas a la oralidad, inmediaci\u00f3n, contradicci\u00f3n, concentraci\u00f3n y publicidad del juicio<\/em><\/p>\n\n\n\n<figure class=\"wp-block-image\"><img decoding=\"async\" src=\"https:\/\/listindiario.com\/files\/image_60_60\/uploads\/2023\/05\/11\/645d0fa7541ad.png\" alt=\"Avatar del Ram\u00f3n Cruz Benz\u00e1n\"\/><\/figure>\n\n\n\n<p><em>\u00a0<\/em>Ram\u00f3n Cruz Benz\u00e1n,<strong> Santo Domingo, RD<\/strong><\/p>\n\n\n\n<p>La Segunda Sala Penal de la Corte de Apelaci\u00f3n del Distrito Nacional decidir\u00e1 este jueves si confirma o anula la sentencia que condena a Wesly Vincent Carmona, conocido como \u201c<strong>El Dotolcito\u201d, a 15 a\u00f1os de prisi\u00f3n&nbsp;<\/strong>y otros dos por su participaci\u00f3n en la muerte del joven Joshua Fern\u00e1ndez.<\/p>\n\n\n\n<p>El tribunal presidido por Rosalba Garib Holgu\u00edn e integrado por Te\u00f3filo And\u00fajar y Delio Germ\u00e1n,&nbsp;<strong>fijaron para las 11:00 de la ma\u00f1ana la lectura de su decisi\u00f3n<\/strong>&nbsp;de si confirma la condena, ordena la celebraci\u00f3n de un nuevo juicio o si, por el contrario, dicta su propia sentencia.<\/p>\n\n\n\n<p>Durante la audiencia del recurso de apelaci\u00f3n, los abogados de El Dotolcito,&nbsp;<strong>Allyson de Jes\u00fas P\u00e9rez Mej\u00eda (Chiquito), condenado a 30 a\u00f1os de prisi\u00f3n,&nbsp;<\/strong>y Luis Alberto \u201cLuisito\u201d Brito, condenado a 20 a\u00f1os, solicitaron a los jueces anular la sentencia dictada en su contra.<\/p>\n\n\n\n<p>Los doctores Carlos Balc\u00e1cer y Jaime Caonabo Terrero, consideraron que en la sentencia dictada por el Segundo Tribunal Colegiado del Distrito Nacional, el pasado 24 de abril,&nbsp;<strong>se violaron las normas relativas a la oralidad, inmediaci\u00f3n, contradicci\u00f3n, concentraci\u00f3n y publicidad del juicio<\/strong>.<\/p>\n\n\n\n<p>Asimismo, pidieron al tribunal anular la sentencia para que se conozca el juicio de nuevo desde cero por otro tribunal distinto al que dict\u00f3 la sentencia condenatoria.<\/p>\n\n\n\n<p>Mientras que&nbsp;<strong>el Ministerio P\u00fablico solicit\u00f3 al tribunal mantener la sentencia<\/strong>&nbsp;condenatoria dictada en contra del grupo y que se mantenga la prisi\u00f3n que pesa en su contra.<\/p>\n\n\n\n<p>Por el crimen, el Ministerio P\u00fablico solicitaba condenar a 30 a\u00f1os de prisi\u00f3n a El Dotolcito, mientras que para Chiquito y Brito Troncoso pidi\u00f3 que fueran sentenciados a 40 a\u00f1os de prisi\u00f3n.<\/p>\n\n\n\n<figure class=\"wp-block-image size-full\"><img loading=\"lazy\" decoding=\"async\" width=\"800\" height=\"533\" src=\"https:\/\/samantharadionline.com\/wp-content\/uploads\/2024\/11\/image-3.png\" alt=\"\" class=\"wp-image-10229\" srcset=\"https:\/\/samantharadionline.com\/wp-content\/uploads\/2024\/11\/image-3.png 800w, https:\/\/samantharadionline.com\/wp-content\/uploads\/2024\/11\/image-3-300x200.png 300w, https:\/\/samantharadionline.com\/wp-content\/uploads\/2024\/11\/image-3-768x512.png 768w\" sizes=\"auto, (max-width: 800px) 100vw, 800px\" \/><\/figure>\n\n\n\n<p>Las juezas que trataron el caso de la&nbsp;<strong>muerte&nbsp;<\/strong>del&nbsp;<strong>joven Joshua Fern\u00e1ndez&nbsp;<\/strong>realizaron una dura y necesaria&nbsp;<strong>reflexi\u00f3n<\/strong>, con un llamado de atenci\u00f3n a la sociedad dominicana por el tiempo que est\u00e1 viviendo.<\/p>\n\n\n\n<p>Las magistradas consideraron que ya era momento de que la sociedad reflexione de manera general y mire lo que est\u00e1 pasando en el pa\u00eds por la b\u00fasqueda del dinero f\u00e1cil. \u201cHay que trabajar, hay que verificar lo que hacen los hijos en casa de manera vehemente y persistente y no desistir\u201d, dijo la jueza Yissell Bienvenida Soto Pe\u00f1a previo a la lectura del dispositivo condenatorio contra&nbsp;<strong>Alison Jes\u00fas P\u00e9rez Mej\u00eda<\/strong>,&nbsp;<strong>Luis Alberto Troncoso<\/strong>&nbsp;y&nbsp;<strong>Wesly Vicent Carmona Corcino<\/strong>.<\/p>\n\n\n\n<p>La jueza Yissell Bienvenida Soto Pe\u00f1a tuvo a su cargo la vocer\u00eda del tribunal para comunicar la sentencia. Entonces se\u00f1al\u00f3 que en ese proceso hab\u00edan perdido todos los actores posibles: tanto la sociedad, por lo doloroso del\u00a0<strong>crimen\u00a0<\/strong>que la ha conmocionado, pero por igual las\u00a0<strong>v\u00edctimas<\/strong>, que hoy sufren la p\u00e9rdida de un ser querido y por igual la familia de los victimarios.<\/p>\n\n\n\n<p>\u201cAqu\u00ed todos han perdido:&nbsp;<strong>perdi\u00f3 la sociedad porque en sentido general fue afectada;<\/strong>&nbsp;las victimas que perdieron a un joven de 19 a\u00f1os, estudiante, activo laboralmente; pero tambi\u00e9n tenemos que ir de este lado de j\u00f3venes que han cometido errores y es lo que el tribunal eval\u00faa aqu\u00ed. Y que las consecuencias que ese comportamiento caus\u00f3 el tribunal los tiene de manera proporcional\u201d, insisti\u00f3 la jueza en sus palabras a la sociedad dominicana.<\/p>\n\n\n\n<p>Las juezas consideraron que la realizaci\u00f3n de ese hecho, que ocasion\u00f3 la&nbsp;<strong>muerte de Joshua Omar Fern\u00e1ndez,<\/strong>&nbsp;se hizo de forma planificada por los imputados. \u201cEn ese accionar se ha causado una lesi\u00f3n al bien jur\u00eddico protegido de forma grave. Y al seno de la sociedad, que ha resultado lesionado\u201d, dijo.<\/p>\n\n\n\n<p>Y ah\u00ed aprovech\u00f3 para se\u00f1alar que el tribunal no se llevaba de la emoci\u00f3n de las peticiones realizadas durante el juicio y que precisamente por eso se tomaron todo el tiempo para analizar el caso y las pruebas que les fueron aportadas.<\/p>\n\n\n\n<figure class=\"wp-block-image\" id=\"m944-943-945\"><img decoding=\"async\" src=\"https:\/\/listindiario.com\/files\/vertical_main_image\/uploads\/2024\/04\/25\/662a0824063da.jpeg\" alt=\"Las juezas del Segundo Tribunal Colegiado del Distrito Nacional sentenciaron a Wesly Vincent Carmona, conocido como \u201cEl Dotolcito\u201d, 15 a\u00f1os de prisi\u00f3n.\"\/><figcaption class=\"wp-element-caption\">Wesly Vincent Carmona en el Segundo Tribunal Colegiado del Distrito Nacional, en espera de la decisi\u00f3n de su condena.LIST\u00edN DIARIO<\/figcaption><\/figure>\n\n\n\n<h3 class=\"wp-block-heading\">Sus palabras:<\/h3>\n\n\n\n<p>\u201cSe cometi\u00f3 un hecho horrendo, que todos estos j\u00f3venes estaban en un lugar de diversi\u00f3n. Todos contempor\u00e1neos. Sin dudas, la realizaci\u00f3n de ese hecho se hizo de forma planificada. En ese accionar se ha causado una lesi\u00f3n al bien jur\u00eddico protegido de forma grave. Y al seno de la sociedad, que ha resultado lesionado. Aqu\u00ed todos han perdido, perdi\u00f3 la sociedad porque en sentido general fue afectada: las victimas que perdieron a un joven de 19 a\u00f1os, estudiante; tenemos que ir de este lado de j\u00f3venes que han cometido errores y es lo que el tribunal evalua aqu\u00ed. Y que las consecuencias que ese comportamiento caus\u00f3 el tribunal los tiene de manera proporcional.<\/p>\n\n\n\n<p>El tribunal no se lleva de la emoci\u00f3n de las peticiones por eso se tomaron todo el tiempo para analizar.<\/p>\n\n\n\n<p>Estos j\u00f3venes de acuerdo a los elementos de prueba merecen una&nbsp;<strong>profunda reflexi\u00f3n social<\/strong>. Y qu\u00e9 bueno que aqu\u00ed en este proceso se hayan dado cita tantas personas con tantas c\u00e1maras. Es momento de que la sociedad reflexione de manera general, es necesario que se vea lo que est\u00e1 pasando, el dinero f\u00e1cil: hay que trabajar, hay que verificar lo que hacen los hijos en casa de manera vehemente y persistente y no desistir. Porque como padres todos asumimos la responsabilidad aunque a\u00fan as\u00ed hay j\u00f3venes que salen de esa gu\u00eda y entra el tribunal a tomar decisi\u00f3n\u201d.<\/p>\n\n\n\n<h3 class=\"wp-block-heading\">Explicaci\u00f3n<\/h3>\n\n\n\n<p>Las juezas dijeron que el caso que conocieron les llev\u00f3 a retirarse a deliberar y defini\u00f3 la palabra deliberaci\u00f3n como la funci\u00f3n jurisdiccional que realizan las tres juzgadoras respecto a la discusi\u00f3n y an\u00e1lisis de todos los elementos probatorios que fueron aportados en sustento del conocimiento del juicio.<\/p>\n\n\n\n<p>Agreg\u00f3 adem\u00e1s que estas realizan una discusi\u00f3n respecto de qu\u00e9 forma van a ser valorados esos elementos probatorios de cara a cada una de las teor\u00edas que fueron formuladas por las partes \u201cporque el Tribunal debe despejar cualquier situaci\u00f3n solo con las pruebas que hemos recibido\u201d.<\/p>\n","protected":false},"excerpt":{"rendered":"<p>Carlos Balc\u00e1cer y Jaime Caonabo Terrero consideraron que en la sentencia dictada el pasado 24<\/p>\n","protected":false},"author":1,"featured_media":10230,"comment_status":"open","ping_status":"open","sticky":false,"template":"","format":"standard","meta":{"footnotes":""},"categories":[12],"tags":[],"class_list":["post-10228","post","type-post","status-publish","format-standard","has-post-thumbnail","hentry","category-nacionales"],"_links":{"self":[{"href":"https:\/\/samantharadionline.com\/index.php\/wp-json\/wp\/v2\/posts\/10228","targetHints":{"allow":["GET"]}}],"collection":[{"href":"https:\/\/samantharadionline.com\/index.php\/wp-json\/wp\/v2\/posts"}],"about":[{"href":"https:\/\/samantharadionline.com\/index.php\/wp-json\/wp\/v2\/types\/post"}],"author":[{"embeddable":true,"href":"https:\/\/samantharadionline.com\/index.php\/wp-json\/wp\/v2\/users\/1"}],"replies":[{"embeddable":true,"href":"https:\/\/samantharadionline.com\/index.php\/wp-json\/wp\/v2\/comments?post=10228"}],"version-history":[{"count":1,"href":"https:\/\/samantharadionline.com\/index.php\/wp-json\/wp\/v2\/posts\/10228\/revisions"}],"predecessor-version":[{"id":10231,"href":"https:\/\/samantharadionline.com\/index.php\/wp-json\/wp\/v2\/posts\/10228\/revisions\/10231"}],"wp:featuredmedia":[{"embeddable":true,"href":"https:\/\/samantharadionline.com\/index.php\/wp-json\/wp\/v2\/media\/10230"}],"wp:attachment":[{"href":"https:\/\/samantharadionline.com\/index.php\/wp-json\/wp\/v2\/media?parent=10228"}],"wp:term":[{"taxonomy":"category","embeddable":true,"href":"https:\/\/samantharadionline.com\/index.php\/wp-json\/wp\/v2\/categories?post=10228"},{"taxonomy":"post_tag","embeddable":true,"href":"https:\/\/samantharadionline.com\/index.php\/wp-json\/wp\/v2\/tags?post=10228"}],"curies":[{"name":"wp","href":"https:\/\/api.w.org\/{rel}","templated":true}]}}