{"id":10072,"date":"2024-11-10T15:17:09","date_gmt":"2024-11-10T14:17:09","guid":{"rendered":"https:\/\/samantharadionline.com\/?p=10072"},"modified":"2024-11-10T15:17:10","modified_gmt":"2024-11-10T14:17:10","slug":"500-personas-que-superan-la-adicion-a-las-drogas-si-se-puede","status":"publish","type":"post","link":"https:\/\/samantharadionline.com\/index.php\/2024\/11\/10\/500-personas-que-superan-la-adicion-a-las-drogas-si-se-puede\/","title":{"rendered":"500 personas que superan la adici\u00f3n a las drogas \u00ab\u00a1S\u00ed se puede!\u00bb&#8230;"},"content":{"rendered":"\n<p>Cuadrag\u00e9sima novena graduaci\u00f3n del programa de reeducaci\u00f3n realizado por Hogar Crea<\/p>\n\n\n\n<p><img decoding=\"async\" width=\"60px\" height=\"60px\" src=\"https:\/\/listindiario.com\/files\/image_60_60\/uploads\/2023\/05\/16\/64637a1e3ff38.jpeg\" alt=\"Avatar del \u00c1ngel Valdez\"><em>\u00a0<\/em>\u00c1ngel Valdez,<strong> Santo Domingo, RD.\u00a0<\/strong><\/p>\n\n\n\n<p>Vociferando de manera entusiasta:&nbsp;<strong>\u00a1S\u00ed se puede!<\/strong>, as\u00ed cerraron este s\u00e1bado 500 personas las puertas de un pasado permeado por el mundo de las drogas y las consecuencias que estas producen.<\/p>\n\n\n\n<p>Acompa\u00f1ados de sus familiares, estos exadictos celebraron durante un acto realizado en el Ministerio de Defensa su participaci\u00f3n en la cuadrag\u00e9sima novena graduaci\u00f3n del&nbsp;<strong>programa de reeducaci\u00f3n r<\/strong>ealizado por&nbsp;<strong>Hogar Crea<\/strong>, con el que superan la tortuosa dependencia a los estupefacientes.<\/p>\n\n\n\n<p>J\u00f3venes, hombres y mujeres despidieron entre l\u00e1grimas las decisiones desacertadas del ayer, con la esperanza&nbsp;<strong>de no cometer los mismos errores en el futuro.<\/strong><\/p>\n\n\n\n<p>Tania Reyes es una de estas, quien pas\u00f3 m\u00e1s de 15 a\u00f1os utilizando coca\u00edna y no tuvo otro resultado m\u00e1s que&nbsp;<strong>destruir sus v\u00edas respiratorias<\/strong>.<\/p>\n\n\n\n<p>Pero al recibir la metodolog\u00eda de transformaci\u00f3n que implementan los sic\u00f3logos, doctores y siquiatras de Hogar Crea pudo reencontrarse con la persona que era antes de sumergirse en la toxicoman\u00eda.<\/p>\n\n\n\n<p>Despu\u00e9s ser afectada durante muchos a\u00f1os con los dif\u00edciles padecimientos y recibir una cirug\u00eda est\u00e9tica que le permiti\u00f3 reconstruir su nariz,&nbsp;<strong>Reyes se siente como una nueva persona, seg\u00fan dijo mientras era reconocida por ser una estudiante ejemplar.<\/strong><\/p>\n\n\n\n<p>Muchos de los adictos reformados registraban en algunas parte de sus cuerpos la muestra de su antigua relaci\u00f3n con las drogas. No obstante, m\u00e1s que ser una verg\u00fcenza, estas son el gran s\u00edmbolo para resaltar y recordar que&nbsp;<strong>\u201cs\u00ed se puede\u201d<\/strong>, seg\u00fan lo destacaron algunos al ser premiados por su sorprendente cambio.<\/p>\n\n\n\n<h3 class=\"wp-block-heading\">\u201cSeguimiento y prevenci\u00f3n\u201d<\/h3>\n\n\n\n<p>Hogar Crea es una organizaci\u00f3n privada sin fines de lucro fundada en 1975 por un padre que ayuda a su hijo a recuperarse.<\/p>\n\n\n\n<p><strong>Luis D\u00edaz, actual director ejecutivo,<\/strong>&nbsp;fue el gran motivo que acogi\u00f3 Leopoldo D\u00edaz, padre y fundador, para comenzar con una iniciativa que termin\u00f3 en la conformaci\u00f3n de esta entidad.<\/p>\n\n\n\n<p><strong>Luis fue uno de los que tambi\u00e9n utilizaba drogas en su juventud<\/strong>. Teniendo en cuenta que a finales del siglo XX la atenci\u00f3n de esta problem\u00e1tica sanitaria en el pa\u00eds no era la ideal, su progenitor no tuvo otra opci\u00f3n que enviarlo hacia Puerto Rico en b\u00fasqueda de una mejor respuesta.<\/p>\n\n\n\n<p>Meses despu\u00e9s alcanz\u00f3 la estabilidad y pudo regresar a su hogar. Pero, su padre se percat\u00f3 de la importancia que existe en el seguimiento y la prevenci\u00f3n.<\/p>\n\n\n\n<p>Precisamente, es por esta raz\u00f3n que estos graduandos deber\u00e1n ahora<strong>&nbsp;fortalecer y continuar sus lazos con Hogar Crea para garantizar una excelente reinserci\u00f3n al \u00e1mbito laboral y familiar de la sociedad,<\/strong>&nbsp;sin que afecte su compromiso con un estilo de vida alejado de las estimulaciones adictivas.<\/p>\n\n\n\n<p>Luis D\u00edaz destac\u00f3 las labores que realiza el personal en los centros de rehabilitaci\u00f3n, quienes m\u00e1s que ser empleados, son un colectivo que se dedica ayudar a los m\u00e1s necesitados.<\/p>\n\n\n\n<p>Precisamente, explic\u00f3 que muchos de los que integran en la actualidad las instalaciones del centro son exadictos reformados, al igual que \u00e9l. Que, a pesar de contar con grados y maestr\u00edas, prefirieron enfocar sus fuerzas en demostrarles a los dem\u00e1s que&nbsp;<strong>\u201cs\u00ed pueden salir de las drogas\u201d<\/strong>.<\/p>\n\n\n\n<h3 class=\"wp-block-heading\">Piden ayuda al Gobierno<\/h3>\n\n\n\n<p>La instituci\u00f3n atiende a, aproximadamente, 1,200 internos y m\u00e1s de 1,000 personas de manera ambulatoria en las calles del territorio nacional, donde cuenta con 41 edificaciones.<\/p>\n\n\n\n<p>Recibiendo de manera anual m\u00e1s de $RD51 millones,&nbsp;<strong>esta entidad registra un d\u00e9ficit econ\u00f3mico de alrededor de $RD123 millones<\/strong>. Lo que imposibilita que 300 personas, situados en lista de espera, reciban asistencia y sea ampliada la capacidad de respuesta.<\/p>\n\n\n\n<p>\u201cEl Estado tiene que dar atenci\u00f3n porque es un problema de salud p\u00fablica. Y como es un problema de salud p\u00fablica que ellos no pueden resolver, nosotros solicitamos que se le d\u00e9 al sector privado la atenci\u00f3n que necesita, como es el caso de Hogar Crea. Iniciamos con una casita en Almas Rosas, y hoy tenemos 41 centros, no tenemos 100 o 200 porque no tenemos inmuebles. Pero, s\u00ed tenemos la voluntad de atenderlas\u201d, dijo el directivo, pidiendo la ayuda de los organismos gubernamentales.<\/p>\n\n\n\n<p>En el acto particip\u00f3 el titular de la Defensor\u00eda del Pueblo, Pablo Ulloa; representante diplom\u00e1tico de la India, Ramu Abbagani; entre otros funcionarios de la administraci\u00f3n p\u00fablica y ediles de los gobiernos locales.<\/p>\n\n\n\n<p><\/p>\n","protected":false},"excerpt":{"rendered":"<p>Cuadrag\u00e9sima novena graduaci\u00f3n del programa de reeducaci\u00f3n realizado por Hogar Crea \u00a0\u00c1ngel Valdez, Santo Domingo,<\/p>\n","protected":false},"author":1,"featured_media":10073,"comment_status":"open","ping_status":"open","sticky":false,"template":"","format":"standard","meta":{"footnotes":""},"categories":[12],"tags":[],"class_list":["post-10072","post","type-post","status-publish","format-standard","has-post-thumbnail","hentry","category-nacionales"],"_links":{"self":[{"href":"https:\/\/samantharadionline.com\/index.php\/wp-json\/wp\/v2\/posts\/10072","targetHints":{"allow":["GET"]}}],"collection":[{"href":"https:\/\/samantharadionline.com\/index.php\/wp-json\/wp\/v2\/posts"}],"about":[{"href":"https:\/\/samantharadionline.com\/index.php\/wp-json\/wp\/v2\/types\/post"}],"author":[{"embeddable":true,"href":"https:\/\/samantharadionline.com\/index.php\/wp-json\/wp\/v2\/users\/1"}],"replies":[{"embeddable":true,"href":"https:\/\/samantharadionline.com\/index.php\/wp-json\/wp\/v2\/comments?post=10072"}],"version-history":[{"count":1,"href":"https:\/\/samantharadionline.com\/index.php\/wp-json\/wp\/v2\/posts\/10072\/revisions"}],"predecessor-version":[{"id":10074,"href":"https:\/\/samantharadionline.com\/index.php\/wp-json\/wp\/v2\/posts\/10072\/revisions\/10074"}],"wp:featuredmedia":[{"embeddable":true,"href":"https:\/\/samantharadionline.com\/index.php\/wp-json\/wp\/v2\/media\/10073"}],"wp:attachment":[{"href":"https:\/\/samantharadionline.com\/index.php\/wp-json\/wp\/v2\/media?parent=10072"}],"wp:term":[{"taxonomy":"category","embeddable":true,"href":"https:\/\/samantharadionline.com\/index.php\/wp-json\/wp\/v2\/categories?post=10072"},{"taxonomy":"post_tag","embeddable":true,"href":"https:\/\/samantharadionline.com\/index.php\/wp-json\/wp\/v2\/tags?post=10072"}],"curies":[{"name":"wp","href":"https:\/\/api.w.org\/{rel}","templated":true}]}}