{"id":10065,"date":"2024-11-07T21:22:22","date_gmt":"2024-11-07T20:22:22","guid":{"rendered":"https:\/\/samantharadionline.com\/?p=10065"},"modified":"2024-11-07T21:22:23","modified_gmt":"2024-11-07T20:22:23","slug":"la-eterna-miss-universo-40-anos-de-una-vida-casi-perfecta","status":"publish","type":"post","link":"https:\/\/samantharadionline.com\/index.php\/2024\/11\/07\/la-eterna-miss-universo-40-anos-de-una-vida-casi-perfecta\/","title":{"rendered":"La \u00abeterna Miss Universo\u00bb 40 a\u00f1os de una vida casi perfecta"},"content":{"rendered":"\n<p>La beldad dominicana est\u00e1 casada y tiene cinco hijos<\/p>\n\n\n\n<p><strong>Santo Domingo, RD<\/strong><\/p>\n\n\n\n<p><strong>Amelia Vega&nbsp;<\/strong>cumple 40 a\u00f1os con la misma belleza que el 3 de junio de 2003 la hizo merecedora de la corona de&nbsp;<strong>Miss Universo.<\/strong><\/p>\n\n\n\n<p>Adem\u00e1s de hacer historia para su pa\u00eds como la primera dominicana con el t\u00edtulo, y la \u00fanica hasta la fecha, Vega tambi\u00e9n mantiene un matrimonio de ensue\u00f1o con el\u00a0<strong>jugador de la NBA Al Horford<\/strong>, tiene cinco hijos,<strong>\u00a0Ean, Al\u00eda, Ava, Nova y Mila<\/strong>, y una vida de reina, por la cual da \u00abgloria a Dios\u00bb.<\/p>\n\n\n\n<p>Durante sus apariciones en p\u00fablico,&nbsp;<strong>la \u00abeterna Miss\u00bb<\/strong>&nbsp;hace referencia a su vida espiritual y sus creencias cristianas, siendo&nbsp;<strong>su t\u00edo Juan Luis Guerra<\/strong>&nbsp;uno de sus gu\u00edas en ese camino.<\/p>\n\n\n\n<p><strong>OR\u00cdGENES<\/strong><\/p>\n\n\n\n<p><strong>Nacida en Santiago de los Caballeros<\/strong>, hija del m\u00e9dico general<strong>&nbsp;Otto Miguel Vega Rasuk<\/strong>&nbsp;y de&nbsp;<strong>Patricia Amelia Polanco \u00c1lvarez<\/strong>,&nbsp;una de las tres primeras mujeres graduadas de piloto en Rep\u00fablica Dominicana y ganadora del certamen nacional&nbsp;<strong>Miss Mundo Dominicana 1980.<\/strong><\/p>\n\n\n\n<p><strong>CARRERA<\/strong><\/p>\n\n\n\n<figure class=\"wp-block-image\" id=\"m59609-59608-59610\"><img decoding=\"async\" src=\"https:\/\/listindiario.com\/files\/vertical_main_image\/uploads\/2024\/11\/07\/672cfd879091f.jpeg\" alt=\"Amelia Vega\"\/><figcaption class=\"wp-element-caption\">Amelia VegaFuente externa<\/figcaption><\/figure>\n\n\n\n<p>Amelia Vega tambi\u00e9n<strong>&nbsp;incursion\u00f3 en la televisi\u00f3n,<\/strong>&nbsp;el cine y la m\u00fasica tras ganar el concurso internacional en 2003, que fue celebrado en Panam\u00e1, y vivir por&nbsp;<strong>un a\u00f1o en Nueva York<\/strong>&nbsp;como embajadora de la franquicia que en ese entonces era dirigida por el magnate y presidente electo de&nbsp;<strong>Estados Unidos Donald Trump.&nbsp;<\/strong><\/p>\n\n\n\n<p>En 2004, Vega fue confirmada como la co-<strong>conductora del reality \u00abVoces de Am\u00e9rica\u00bb,<\/strong>&nbsp;de Telemundo, junto a&nbsp;Alfonso De Anda, luego condujo el programa \u00abSuegras\u00bb de Azteca Am\u00e9rica y en el 2010 fue la anfitriona del espacio mexicano \u00abSegunda oportunidad\u00bb.<\/p>\n\n\n\n<p>En 2005, actu\u00f3 en la \u00f3pera prima del director y actor cubano-estadounidense Andy Garc\u00eda, \u00abThe Lost City\u00bb (\u00abLa ciudad perdida\u00bb). La pel\u00edcula fue filmada en Rep\u00fablica Dominicana y<strong>&nbsp;tuvo su estreno en Hollywood.&nbsp;<\/strong><\/p>\n\n\n\n<p>Tambi\u00e9n debut\u00f3 como cantante con el sencillo \u00abPasa un segundito\u00bb, lanzado en 2010, correspondiente a su \u00e1lbum tropical&nbsp;\u00abAgua Dulce\u00bb, compuesto por otros temas como \u00abT\u00f3came la tambora\u00bb, \u00abSmog\u00bb, \u00abTodo es posible\u00bb y \u00abPor ti\u00bb.<\/p>\n\n\n\n<p>Su libro, \u00abUn d\u00eda en la vida de Pich\u00edn\u00bb, dedicado a su primog\u00e9nito Ean, fue publicado en 2019 junto a la ilustradora&nbsp;Ta\u00edna Almod\u00f3var y en beneficio de la Fundaci\u00f3n Amigos contra el C\u00e1ncer Infantil (FACCI).&nbsp;<\/p>\n\n\n\n<p><strong>FAMILIA<\/strong><\/p>\n\n\n\n<figure class=\"wp-block-image\" id=\"m59621-59620-59622\"><img decoding=\"async\" src=\"https:\/\/listindiario.com\/files\/vertical_main_image\/files\/fp\/uploads\/2024\/06\/24\/6679dc8fa01b7.r_d.623-421.jpeg\" alt=\"Amelia Vega y Al Horford.\"\/><figcaption class=\"wp-element-caption\">Amelia Vega y Al Horford.Foto: Instagram<\/figcaption><\/figure>\n\n\n\n<p><strong>Amelia Vega y Al Horford&nbsp;<\/strong>se casaron en secreto el 24 de diciembre de 2011<strong>&nbsp;en la casa de sus t\u00edos Juan Luis Guerra y Nora Vega en Santo Domingo<\/strong>. La celebraci\u00f3n fue tan privada que hasta el selecto grupo de invitados crey\u00f3 que se trataba de la&nbsp;<strong>tradicional cena de Nochebuena.<\/strong><\/p>\n\n\n\n<p>La&nbsp;<strong>pareja se conoci\u00f3 en 2007<\/strong>&nbsp;cuando ambos asistieron a los<strong>&nbsp;Latin Pride Awards en Boston&nbsp;<\/strong>como nominados de esa premiaci\u00f3n y al a\u00f1o siguiente se volvieron a encontrar para encabezar una campa\u00f1a de la&nbsp;<strong>fundaci\u00f3n Facci e iniciaron la relaci\u00f3n.<\/strong><\/p>\n\n\n\n<p>Actualmente la familia Horford Vega reside en&nbsp;<strong>Boston, Massachusetts,&nbsp;<\/strong>luego de vivir en varios estados como Atlanta, Filadelfia y Oklahoma por los cambios de equipo del deportista, quien desde el 2021 pertenece a los&nbsp;Celtics.<\/p>\n","protected":false},"excerpt":{"rendered":"<p>La beldad dominicana est\u00e1 casada y tiene cinco hijos Santo Domingo, RD Amelia Vega&nbsp;cumple 40<\/p>\n","protected":false},"author":1,"featured_media":10066,"comment_status":"open","ping_status":"open","sticky":false,"template":"","format":"standard","meta":{"footnotes":""},"categories":[11],"tags":[],"class_list":["post-10065","post","type-post","status-publish","format-standard","has-post-thumbnail","hentry","category-entretenimiento"],"_links":{"self":[{"href":"https:\/\/samantharadionline.com\/index.php\/wp-json\/wp\/v2\/posts\/10065","targetHints":{"allow":["GET"]}}],"collection":[{"href":"https:\/\/samantharadionline.com\/index.php\/wp-json\/wp\/v2\/posts"}],"about":[{"href":"https:\/\/samantharadionline.com\/index.php\/wp-json\/wp\/v2\/types\/post"}],"author":[{"embeddable":true,"href":"https:\/\/samantharadionline.com\/index.php\/wp-json\/wp\/v2\/users\/1"}],"replies":[{"embeddable":true,"href":"https:\/\/samantharadionline.com\/index.php\/wp-json\/wp\/v2\/comments?post=10065"}],"version-history":[{"count":1,"href":"https:\/\/samantharadionline.com\/index.php\/wp-json\/wp\/v2\/posts\/10065\/revisions"}],"predecessor-version":[{"id":10067,"href":"https:\/\/samantharadionline.com\/index.php\/wp-json\/wp\/v2\/posts\/10065\/revisions\/10067"}],"wp:featuredmedia":[{"embeddable":true,"href":"https:\/\/samantharadionline.com\/index.php\/wp-json\/wp\/v2\/media\/10066"}],"wp:attachment":[{"href":"https:\/\/samantharadionline.com\/index.php\/wp-json\/wp\/v2\/media?parent=10065"}],"wp:term":[{"taxonomy":"category","embeddable":true,"href":"https:\/\/samantharadionline.com\/index.php\/wp-json\/wp\/v2\/categories?post=10065"},{"taxonomy":"post_tag","embeddable":true,"href":"https:\/\/samantharadionline.com\/index.php\/wp-json\/wp\/v2\/tags?post=10065"}],"curies":[{"name":"wp","href":"https:\/\/api.w.org\/{rel}","templated":true}]}}