{"id":10025,"date":"2024-11-05T12:37:52","date_gmt":"2024-11-05T11:37:52","guid":{"rendered":"https:\/\/samantharadionline.com\/?p=10025"},"modified":"2024-11-05T12:37:53","modified_gmt":"2024-11-05T11:37:53","slug":"abinader-dispuesto-a-resolver-problemas-causados-por-aguaceros","status":"publish","type":"post","link":"https:\/\/samantharadionline.com\/index.php\/2024\/11\/05\/abinader-dispuesto-a-resolver-problemas-causados-por-aguaceros\/","title":{"rendered":"Abinader dispuesto a resolver problemas causados por aguaceros"},"content":{"rendered":"\n<p class=\"has-medium-font-size\"><em>Los organismos del Estado se encuentran en condiciones \u00f3ptimas para enfrentar alg\u00fan evento que impacte el pa\u00eds debido a un disturbio tropical\u00a0<\/em><\/p>\n\n\n\n<p><img decoding=\"async\" width=\"60px\" height=\"60px\" src=\"https:\/\/listindiario.com\/files\/image_60_60\/uploads\/2023\/05\/16\/64638cfd2419c.jpeg\" alt=\"Avatar del Javier Flores\"><em>\u00a0<\/em>Javier Flores<\/p>\n\n\n\n<p>Luego de que en los meses de noviembre en los \u00faltimos dos a\u00f1os aguaceros torrenciales hicieran colapsar la capital dominicana y dejado un saldo de alrededor de 40 v\u00edctimas mortales, el gobierno se declar\u00f3 listo para cualquier eventualidad que ocurra con relaci\u00f3n a las lluvias pronosticadas este mes.<\/p>\n\n\n\n<p>Al encabezar La Semanal con la Prensa, el presidente Luis Abinader declar\u00f3 que los organismos del Estado se encuentran en condiciones \u00f3ptimas para enfrentar alg\u00fan evento que impacte el pa\u00eds debido a un disturbio tropical.<\/p>\n\n\n\n<p>Las declaraciones del mandatario se producen a ra\u00edz de que en el mismo espacio, la directora del Instituto Dominicano de Meteorolog\u00eda (Indomet), Gloria Ceballos, expresara en el mismo escenario que al pa\u00eds le espera un \u201cnoviembre lluvioso\u201d, ya que en el pr\u00f3ximo fin de semana se estar\u00edan sintiendo las incidencias de una onda tropical.<\/p>\n\n\n\n<p>\u201cAunque vamos a tener precipitaciones, pues no ser\u00e1n tan intensas. Para el fin de semana otra activa onda tropical estar\u00e1 incidiendo en el territorio nacional, o sea, que vamos a tener un noviembre lluvioso, son las perspectivas que hay y lo que nos est\u00e1n indicando esos modelos que se corren previo a comenzar el mes\u201d, explic\u00f3 Ceballos.<\/p>\n\n\n\n<p>Lluvias del fin de semana<\/p>\n\n\n\n<p>El gobierno se\u00f1al\u00f3 que hasta el momento las lluvias provocadas por varios sistemas atmosf\u00e9ricos durante el fin de semana, no ha dejado ninguna v\u00edctima fatal.<\/p>\n\n\n\n<p>Al hablar durante La Semanal, el presidente Abinader detall\u00f3 que hasta el momento 1,390 personas fueron movilizadas de sus hogares en riesgo (ya todas devueltas a sus casas), nueve localidades resultaron incomunicadas, 278 viviendas resultaron afectadas y se registraron siete deslizamientos de tierra.<\/p>\n\n\n\n<p>De la misma manera, Abinader manifest\u00f3 que el informe del Centro de Operaciones de Emergencia (COE) se\u00f1ala que 13 acueductos quedaron fuera de servicio, un circuito el\u00e9ctrico result\u00f3 afectado, adem\u00e1s de un puente y una carretera.<\/p>\n\n\n\n<p>El mandatario manifest\u00f3 que hasta el momento la provincia m\u00e1s afectada ha sido Dajab\u00f3n, d\u00f3nde se produjeron varias inundaciones.<\/p>\n\n\n\n<p>Agreg\u00f3 que las lluvias, generadas en la regi\u00f3n Noroeste por una vaguada, ya ha reducido y que en las \u00faltimas horas no se hab\u00edan registrado aguaceros en esa zona, lo que ha facilitado la labor de la Defensa Civil.<\/p>\n\n\n\n<p>Abinader indic\u00f3 que varias entidades del gobierno, como el Plan Social y los Comedores Econ\u00f3micos ya se encuentran instalados para dar asistencia en caso de que sea requerida.<\/p>\n\n\n\n<p>Pronostico pr\u00f3ximas<\/p>\n\n\n\n<p>48 horas<\/p>\n\n\n\n<p>El mandatario comunic\u00f3 que para las pr\u00f3ximas 48 horas los pron\u00f3sticos de lluvias indican valores entre 50 a 75 mil\u00edmetros sobre las regiones: Yuma, El Valle y Cibao Noroeste; mientras que, sobre las regiones Higuamo, El Valle y Cibao Norte, entre 50 a 75 mil\u00edmetros y entre 100 a 125 mil\u00edmetros sobre la regi\u00f3n Enriquillo.<\/p>\n\n\n\n<p>Vigilancia continua<\/p>\n\n\n\n<p>La directora del Indomet se\u00f1al\u00f3 que se encuentran en la fase de \u201cvigilancia continua\u201d de la tormenta tropical Rafael, cuyo campo nuboso es el responsable de generar aguaceros en el litoral caribe\u00f1o del pa\u00eds.<\/p>\n\n\n\n<p>Ceballos se\u00f1al\u00f3 que las lluvias seguir\u00e1n incidiendo esas zonas del pa\u00eds por las pr\u00f3ximas 48 horas y agreg\u00f3 que aunque su trayectoria pronostica un desplazamiento hacia el noroeste, hasta el momento de su intervenci\u00f3n el fen\u00f3meno atmosf\u00e9rico se sigue moviendo hacia el norte.<\/p>\n\n\n\n<p>La directora de Indomet expres\u00f3 que la experiencia de noviembre del a\u00f1o pasado, cuando las grandes lluvias fueron provocadas por una zona en el caribe oriental, han llevado a las autoridades a tener especial atenci\u00f3n sobre ese fen\u00f3meno atmosf\u00e9rico y activar los mecanismos de prevenci\u00f3n.<\/p>\n\n\n\n<p>Asistencia gubernamental<\/p>\n\n\n\n<p>El presidente Abinader se\u00f1al\u00f3 que el gobierno tiene la capacidad para asistir a la poblaci\u00f3n en caso de que sea necesario.<\/p>\n\n\n\n<p>Indic\u00f3 que el Plan Social de la Presidencia tiene capacidad para producir hasta 40,000 raciones alimenticias diarias, mientras que la Defensa Civil tiene disponibles 2,800 refugios con capacidad conjunta para albergar hasta 588,249 personas, adem\u00e1s de contar con 47,732 socorristas.<\/p>\n","protected":false},"excerpt":{"rendered":"<p>Los organismos del Estado se encuentran en condiciones \u00f3ptimas para enfrentar alg\u00fan evento que impacte<\/p>\n","protected":false},"author":1,"featured_media":10026,"comment_status":"open","ping_status":"open","sticky":false,"template":"","format":"standard","meta":{"footnotes":""},"categories":[12],"tags":[],"class_list":["post-10025","post","type-post","status-publish","format-standard","has-post-thumbnail","hentry","category-nacionales"],"_links":{"self":[{"href":"https:\/\/samantharadionline.com\/index.php\/wp-json\/wp\/v2\/posts\/10025","targetHints":{"allow":["GET"]}}],"collection":[{"href":"https:\/\/samantharadionline.com\/index.php\/wp-json\/wp\/v2\/posts"}],"about":[{"href":"https:\/\/samantharadionline.com\/index.php\/wp-json\/wp\/v2\/types\/post"}],"author":[{"embeddable":true,"href":"https:\/\/samantharadionline.com\/index.php\/wp-json\/wp\/v2\/users\/1"}],"replies":[{"embeddable":true,"href":"https:\/\/samantharadionline.com\/index.php\/wp-json\/wp\/v2\/comments?post=10025"}],"version-history":[{"count":1,"href":"https:\/\/samantharadionline.com\/index.php\/wp-json\/wp\/v2\/posts\/10025\/revisions"}],"predecessor-version":[{"id":10027,"href":"https:\/\/samantharadionline.com\/index.php\/wp-json\/wp\/v2\/posts\/10025\/revisions\/10027"}],"wp:featuredmedia":[{"embeddable":true,"href":"https:\/\/samantharadionline.com\/index.php\/wp-json\/wp\/v2\/media\/10026"}],"wp:attachment":[{"href":"https:\/\/samantharadionline.com\/index.php\/wp-json\/wp\/v2\/media?parent=10025"}],"wp:term":[{"taxonomy":"category","embeddable":true,"href":"https:\/\/samantharadionline.com\/index.php\/wp-json\/wp\/v2\/categories?post=10025"},{"taxonomy":"post_tag","embeddable":true,"href":"https:\/\/samantharadionline.com\/index.php\/wp-json\/wp\/v2\/tags?post=10025"}],"curies":[{"name":"wp","href":"https:\/\/api.w.org\/{rel}","templated":true}]}}